{"id":403,"date":"2025-07-23T14:37:27","date_gmt":"2025-07-23T17:37:27","guid":{"rendered":"http:\/\/www.nucleoestudo.ufla.br\/redep\/?p=403"},"modified":"2025-07-23T14:47:19","modified_gmt":"2025-07-23T17:47:19","slug":"livro-da-redep-e-finalista-no-premio-jabuti-academico","status":"publish","type":"post","link":"http:\/\/www.nucleoestudo.ufla.br\/redep\/index.php\/2025\/07\/23\/livro-da-redep-e-finalista-no-premio-jabuti-academico\/","title":{"rendered":"LIVRO DA REDEP \u00c9 FINALISTA NO PR\u00caMIO JABUTI ACAD\u00caMICO"},"content":{"rendered":"\n<div class=\"wp-block-group\"><div class=\"wp-block-group__inner-container is-layout-flow wp-block-group-is-layout-flow\">\n<figure class=\"wp-block-image size-full is-style-rounded\"><img loading=\"lazy\" decoding=\"async\" width=\"1000\" height=\"1000\" src=\"http:\/\/www.nucleoestudo.ufla.br\/redep\/wp-content\/uploads\/2025\/07\/Jabuti-academico.jpeg\" alt=\"\" class=\"wp-image-404\" srcset=\"http:\/\/www.nucleoestudo.ufla.br\/redep\/wp-content\/uploads\/2025\/07\/Jabuti-academico.jpeg 1000w, http:\/\/www.nucleoestudo.ufla.br\/redep\/wp-content\/uploads\/2025\/07\/Jabuti-academico-300x300.jpeg 300w, http:\/\/www.nucleoestudo.ufla.br\/redep\/wp-content\/uploads\/2025\/07\/Jabuti-academico-150x150.jpeg 150w, http:\/\/www.nucleoestudo.ufla.br\/redep\/wp-content\/uploads\/2025\/07\/Jabuti-academico-768x768.jpeg 768w\" sizes=\"auto, (max-width: 1000px) 100vw, 1000px\" \/><\/figure>\n\n\n\n<figure class=\"wp-block-gallery has-nested-images columns-default is-cropped wp-block-gallery-1 is-layout-flex wp-block-gallery-is-layout-flex\">\n<figure class=\"wp-block-image size-full\"><img loading=\"lazy\" decoding=\"async\" width=\"543\" height=\"715\" data-id=\"405\" src=\"http:\/\/www.nucleoestudo.ufla.br\/redep\/wp-content\/uploads\/2025\/07\/Livro-REDEP.jpeg\" alt=\"\" class=\"wp-image-405\" srcset=\"http:\/\/www.nucleoestudo.ufla.br\/redep\/wp-content\/uploads\/2025\/07\/Livro-REDEP.jpeg 543w, http:\/\/www.nucleoestudo.ufla.br\/redep\/wp-content\/uploads\/2025\/07\/Livro-REDEP-228x300.jpeg 228w\" sizes=\"auto, (max-width: 543px) 100vw, 543px\" \/><\/figure>\n<\/figure>\n\n\n\n<p>O Livro  <strong>Professores iniciantes e processos de indu\u00e7\u00e3o: caminhos para um desenvolvimento profissional qualificado<\/strong>, organizado por Laurizete Ferragut Passos, Patr\u00edcia C. Albieri de Almeida e Adriana Teixeira Reis,   est\u00e1 entre os 5 finalistas do Pr\u00e9mio Jabuti Acad\u00eamico 2025. O livro conta com textos de diferentes pesquisadores do Brasil que comp\u00f5em a Rede de Estudos sobre Desenvolvimento Profissional Docente \u2013 Redep.<\/p>\n\n\n\n<p>Os textos que comp\u00f5e o livro  focam a entrada na carreira docente e trazem resultados de pesquisas que analisam esse momento como crucial na aprendizagem da profiss\u00e3o. Inspirados na literatura que tem indicado que cuidamos pouco dos professores em seus primeiros anos de atua\u00e7\u00e3o nas escolas e de que o futuro e a renova\u00e7\u00e3o da profiss\u00e3o docente depender\u00e3o, em grande medida, desse cuidado, os textos destacam o papel da universidade e, de modo especial, das pol\u00edticas p\u00fablicas para desenvolverem a\u00e7\u00f5es de indu\u00e7\u00e3o que favore\u00e7am o ingresso do professor iniciante, entendida como apoio e acompanhamento que pode ser mobilizado pelas pr\u00f3prias escolas ou pelas secretarias de educa\u00e7\u00e3o em parceria com os pesquisadores da universidade.<br>Os artigos traduzem conceitos decorrentes das reflex\u00f5es te\u00f3rico-metodol\u00f3gicas que orientaram o projeto guarda-chuva sobre o tema e que se constituiu no articulador de v\u00e1rios subprojetos desenvolvidos em diferentes contextos e diferentes regi\u00f5es do pa\u00eds e, todos, com o prop\u00f3sito comum de responder aos seguintes questionamentos: como as escolas p\u00fablicas e as redes de ensino vem se organizando para acolher e acompanhar os professores iniciantes? \u00c9 poss\u00edvel desenvolver, com os professores e gestores das escolas um processo de discuss\u00e3o e reflex\u00e3o coletiva para o delineamento de a\u00e7\u00f5es institucionais de acompanhamento (indu\u00e7\u00e3o) a professores iniciantes? \u00c9 poss\u00edvel estabelecer parceria com as secretarias municipais de educa\u00e7\u00e3o para a proposi\u00e7\u00e3o de programas de indu\u00e7\u00e3o aos professores iniciantes?<br>Essa perspectiva reuniu outros pesquisadores que hoje comp\u00f5em a Redep.<\/p>\n\n\n\n<h3 class=\"wp-block-heading\">Sobre a premia\u00e7\u00e3o<\/h3>\n\n\n\n<p>O Jabuti Acad\u00eamico est\u00e1 em sua segunda edi\u00e7\u00e3o. A premia\u00e7\u00e3o, realizada pela CBL com o apoio da Academia Brasileira de Ci\u00eancias (ABC) e da Sociedade Brasileira para o Progresso da Ci\u00eancia (SBPC), est\u00e1 dividida em dois eixos: Ci\u00eancia e Cultura, com 27 categorias; e Pr\u00eamios Especiais, que conta com a nova categoria Tradu\u00e7\u00e3o, al\u00e9m Ilustra\u00e7\u00e3o e Divulga\u00e7\u00e3o Cient\u00edfica. No total s\u00e3o 30 categorias.<br>Os vencedores ser\u00e3o anunciados em uma cerim\u00f4nia especial prevista para o dia 5\/8.<br>Os autores premiados recebem, al\u00e9m da estatueta, um pr\u00eamio de R$ 5 mil.\u202f<\/p>\n<\/div><\/div>\n\n\n\n<div class=\"wp-block-group\"><div class=\"wp-block-group__inner-container is-layout-flow wp-block-group-is-layout-flow\"><\/div><\/div>\n","protected":false},"excerpt":{"rendered":"<p>O Livro Professores iniciantes e processos de indu\u00e7\u00e3o: caminhos para um desenvolvimento profissional qualificado, organizado por Laurizete Ferragut Passos, Patr\u00edcia C. Albieri de Almeida e Adriana Teixeira Reis, est\u00e1 entre<\/p>\n","protected":false},"author":3,"featured_media":0,"comment_status":"closed","ping_status":"closed","sticky":false,"template":"","format":"standard","meta":{"_exactmetrics_skip_tracking":false,"_exactmetrics_sitenote_active":false,"_exactmetrics_sitenote_note":"","_exactmetrics_sitenote_category":0,"footnotes":""},"categories":[1],"tags":[],"class_list":["post-403","post","type-post","status-publish","format-standard","hentry","category-sem-categoria"],"_links":{"self":[{"href":"http:\/\/www.nucleoestudo.ufla.br\/redep\/index.php\/wp-json\/wp\/v2\/posts\/403","targetHints":{"allow":["GET"]}}],"collection":[{"href":"http:\/\/www.nucleoestudo.ufla.br\/redep\/index.php\/wp-json\/wp\/v2\/posts"}],"about":[{"href":"http:\/\/www.nucleoestudo.ufla.br\/redep\/index.php\/wp-json\/wp\/v2\/types\/post"}],"author":[{"embeddable":true,"href":"http:\/\/www.nucleoestudo.ufla.br\/redep\/index.php\/wp-json\/wp\/v2\/users\/3"}],"replies":[{"embeddable":true,"href":"http:\/\/www.nucleoestudo.ufla.br\/redep\/index.php\/wp-json\/wp\/v2\/comments?post=403"}],"version-history":[{"count":5,"href":"http:\/\/www.nucleoestudo.ufla.br\/redep\/index.php\/wp-json\/wp\/v2\/posts\/403\/revisions"}],"predecessor-version":[{"id":412,"href":"http:\/\/www.nucleoestudo.ufla.br\/redep\/index.php\/wp-json\/wp\/v2\/posts\/403\/revisions\/412"}],"wp:attachment":[{"href":"http:\/\/www.nucleoestudo.ufla.br\/redep\/index.php\/wp-json\/wp\/v2\/media?parent=403"}],"wp:term":[{"taxonomy":"category","embeddable":true,"href":"http:\/\/www.nucleoestudo.ufla.br\/redep\/index.php\/wp-json\/wp\/v2\/categories?post=403"},{"taxonomy":"post_tag","embeddable":true,"href":"http:\/\/www.nucleoestudo.ufla.br\/redep\/index.php\/wp-json\/wp\/v2\/tags?post=403"}],"curies":[{"name":"wp","href":"https:\/\/api.w.org\/{rel}","templated":true}]}}