{"id":350,"date":"2022-05-18T00:31:05","date_gmt":"2022-05-18T03:31:05","guid":{"rendered":"http:\/\/www.nucleoestudo.ufla.br\/redep\/?p=350"},"modified":"2022-05-18T12:32:31","modified_gmt":"2022-05-18T15:32:31","slug":"1o-seminario-da-redep","status":"publish","type":"post","link":"http:\/\/www.nucleoestudo.ufla.br\/redep\/index.php\/2022\/05\/18\/1o-seminario-da-redep\/","title":{"rendered":"1\u00ba Semin\u00e1rio da REDEP"},"content":{"rendered":"\n<p>Vem a\u00ed o 1\u00ba Semin\u00e1rio da Rede de Estudos sobre Desenvolvimento Profissional Docente (REDEP)!!!<\/p>\n\n\n\n<p>Nos pr\u00f3ximos dias 19\/05 e 20\/05 o Rede REDEP realiza o seu primeiro semin\u00e1rio. Ser\u00e3o dois dias de compartilhamento de muitas experi\u00eancias e estudos realizados por pesquisadores da Rede.<\/p>\n\n\n\n<p>No primeiro dia evento contaremos a participa\u00e7\u00e3o da convidada Josephine Mukamurema (Universidade de Sherbrooke &#8211; Canad\u00e1). J\u00e1 no segundo dia contaremos com a presen\u00e7a de Bernardete Gatti (FCC) e Maria da Gra\u00e7a Mizukami (Mackenzie\/Ufscar). <\/p>\n\n\n\n<p><\/p>\n\n\n\n<p>A transmiss\u00e3o do semin\u00e1rio ser\u00e1 realizada no canal do Youtube da Rede REDEP. Acesse o Canal  e acompanhe a transmiss\u00e3o, al\u00e9m de conferir os recadinhos de membros da REDEP: <a href=\"https:\/\/www.youtube.com\/channel\/UCd9ONMvjVw2wFni1Y_jb4cg\">https:\/\/www.youtube.com\/channel\/UCd9ONMvjVw2wFni1Y_jb4cg<\/a><\/p>\n\n\n\n<p>N\u00e3o esque\u00e7a de se inscrever no canal e ativar as notifica\u00e7\u00f5es! <\/p>\n\n\n\n<p>A inscri\u00e7\u00e3o para participa\u00e7\u00e3o no evento pode ser realizada pelo link:<\/p>\n\n\n\n<p><a href=\"https:\/\/docs.google.com\/forms\/d\/e\/1FAIpQLSdiElsw6xPQfstjsMgvZ8KT29iI789d811a4FIjodvWbi8d9A\/viewform\">https:\/\/docs.google.com\/forms\/d\/e\/1FAIpQLSdiElsw6xPQfstjsMgvZ8KT29iI789d811a4FIjodvWbi8d9A\/viewform<\/a><\/p>\n\n\n\n<p>Quem ainda n\u00e3o se inscreveu, corre l\u00e1 que ainda d\u00e1 tempo!<\/p>\n\n\n\n<p>Ser\u00e1 emitido certificado de participa\u00e7\u00e3o mediante registro de presen\u00e7a ao longo da transmiss\u00e3o.<\/p>\n\n\n\n<p>Esperamos voc\u00eas!<\/p>\n\n\n\n<p>Cordialmente,<\/p>\n\n\n\n<p>Rede REDEP.<\/p>\n","protected":false},"excerpt":{"rendered":"<p>Vem a\u00ed o 1\u00ba Semin\u00e1rio da Rede de Estudos sobre Desenvolvimento Profissional Docente (REDEP)!!! Nos pr\u00f3ximos dias 19\/05 e 20\/05 o Rede REDEP realiza o seu primeiro semin\u00e1rio. Ser\u00e3o dois<\/p>\n","protected":false},"author":3,"featured_media":0,"comment_status":"closed","ping_status":"closed","sticky":false,"template":"","format":"standard","meta":{"_exactmetrics_skip_tracking":false,"_exactmetrics_sitenote_active":false,"_exactmetrics_sitenote_note":"","_exactmetrics_sitenote_category":0,"footnotes":""},"categories":[1],"tags":[],"class_list":["post-350","post","type-post","status-publish","format-standard","hentry","category-sem-categoria"],"_links":{"self":[{"href":"http:\/\/www.nucleoestudo.ufla.br\/redep\/index.php\/wp-json\/wp\/v2\/posts\/350","targetHints":{"allow":["GET"]}}],"collection":[{"href":"http:\/\/www.nucleoestudo.ufla.br\/redep\/index.php\/wp-json\/wp\/v2\/posts"}],"about":[{"href":"http:\/\/www.nucleoestudo.ufla.br\/redep\/index.php\/wp-json\/wp\/v2\/types\/post"}],"author":[{"embeddable":true,"href":"http:\/\/www.nucleoestudo.ufla.br\/redep\/index.php\/wp-json\/wp\/v2\/users\/3"}],"replies":[{"embeddable":true,"href":"http:\/\/www.nucleoestudo.ufla.br\/redep\/index.php\/wp-json\/wp\/v2\/comments?post=350"}],"version-history":[{"count":5,"href":"http:\/\/www.nucleoestudo.ufla.br\/redep\/index.php\/wp-json\/wp\/v2\/posts\/350\/revisions"}],"predecessor-version":[{"id":370,"href":"http:\/\/www.nucleoestudo.ufla.br\/redep\/index.php\/wp-json\/wp\/v2\/posts\/350\/revisions\/370"}],"wp:attachment":[{"href":"http:\/\/www.nucleoestudo.ufla.br\/redep\/index.php\/wp-json\/wp\/v2\/media?parent=350"}],"wp:term":[{"taxonomy":"category","embeddable":true,"href":"http:\/\/www.nucleoestudo.ufla.br\/redep\/index.php\/wp-json\/wp\/v2\/categories?post=350"},{"taxonomy":"post_tag","embeddable":true,"href":"http:\/\/www.nucleoestudo.ufla.br\/redep\/index.php\/wp-json\/wp\/v2\/tags?post=350"}],"curies":[{"name":"wp","href":"https:\/\/api.w.org\/{rel}","templated":true}]}}