{"id":313,"date":"2020-10-13T15:38:44","date_gmt":"2020-10-13T18:38:44","guid":{"rendered":"http:\/\/www.nucleoestudo.ufla.br\/redep\/?p=313"},"modified":"2020-10-13T15:38:44","modified_gmt":"2020-10-13T18:38:44","slug":"reveduc-promove-lancamento-do-dossie-formacao-e-insercao-profissional-de-professores-iniciantes-conceitos-e-praticas-organizado-por-pesquisadoras-da-redep-2","status":"publish","type":"post","link":"http:\/\/www.nucleoestudo.ufla.br\/redep\/index.php\/2020\/10\/13\/reveduc-promove-lancamento-do-dossie-formacao-e-insercao-profissional-de-professores-iniciantes-conceitos-e-praticas-organizado-por-pesquisadoras-da-redep-2\/","title":{"rendered":"REVEDUC promove lan\u00e7amento do DOSSI\u00ca  &#8221; Forma\u00e7\u00e3o e Inser\u00e7\u00e3o Profissional de Professores Iniciantes: Conceitos e Pr\u00e1ticas&#8221;, organizado por pesquisadoras da REDEP"},"content":{"rendered":"\n<p>A  Revista Eletr\u00f4nica de Educa\u00e7\u00e3o da UFSCar \u2013 REVEDUC divulgou no \n\u00faltimo dia 9, evento de lan\u00e7amento do Dossi\u00ea Forma\u00e7\u00e3o e Inser\u00e7\u00e3o \nProfissional de Professores Iniciantes: Conceitos e Pr\u00e1ticas que \nocorrer\u00e1  com a Live: Pol\u00edticas de Indu\u00e7\u00e3o para Professores Iniciantes: \nExperi\u00eancia e Desafios Chilenos para a Am\u00e9rica Latina. <\/p>\n\n\n\n<p>A Live ser\u00e1 exibida no dia 14\/10, \u00e0s 17h, no link a seguir: https:\/\/www.youtube.com\/watch?v=ZV0dONOXgc0 . Esperamos voc\u00eas!<\/p>\n\n\n\n<p>O Dossi\u00ea em quest\u00e3o foi organizado pelas pesquisadoras da REDEP Marli  Andr\u00e9; Laurizette Passos e Patr\u00edcia Albieri e contempla artigos de  diversos pesquisadores da nossa Rede de estudos e pesquisas sobre  desenvolvimento profissional docente. Vale a pena conferir!<br>http:\/\/www.reveduc.ufscar.br\/index.php\/reveduc\/issue\/view\/38\/showToc<\/p>\n\n\n\n<p><\/p>\n","protected":false},"excerpt":{"rendered":"<p>A Revista Eletr\u00f4nica de Educa\u00e7\u00e3o da UFSCar \u2013 REVEDUC divulgou no \u00faltimo dia 9, evento de lan\u00e7amento do Dossi\u00ea Forma\u00e7\u00e3o e Inser\u00e7\u00e3o Profissional de Professores Iniciantes: Conceitos e Pr\u00e1ticas que<\/p>\n","protected":false},"author":3,"featured_media":0,"comment_status":"closed","ping_status":"closed","sticky":false,"template":"","format":"standard","meta":{"_exactmetrics_skip_tracking":false,"_exactmetrics_sitenote_active":false,"_exactmetrics_sitenote_note":"","_exactmetrics_sitenote_category":0,"footnotes":""},"categories":[1],"tags":[],"class_list":["post-313","post","type-post","status-publish","format-standard","hentry","category-sem-categoria"],"_links":{"self":[{"href":"http:\/\/www.nucleoestudo.ufla.br\/redep\/index.php\/wp-json\/wp\/v2\/posts\/313","targetHints":{"allow":["GET"]}}],"collection":[{"href":"http:\/\/www.nucleoestudo.ufla.br\/redep\/index.php\/wp-json\/wp\/v2\/posts"}],"about":[{"href":"http:\/\/www.nucleoestudo.ufla.br\/redep\/index.php\/wp-json\/wp\/v2\/types\/post"}],"author":[{"embeddable":true,"href":"http:\/\/www.nucleoestudo.ufla.br\/redep\/index.php\/wp-json\/wp\/v2\/users\/3"}],"replies":[{"embeddable":true,"href":"http:\/\/www.nucleoestudo.ufla.br\/redep\/index.php\/wp-json\/wp\/v2\/comments?post=313"}],"version-history":[{"count":0,"href":"http:\/\/www.nucleoestudo.ufla.br\/redep\/index.php\/wp-json\/wp\/v2\/posts\/313\/revisions"}],"wp:attachment":[{"href":"http:\/\/www.nucleoestudo.ufla.br\/redep\/index.php\/wp-json\/wp\/v2\/media?parent=313"}],"wp:term":[{"taxonomy":"category","embeddable":true,"href":"http:\/\/www.nucleoestudo.ufla.br\/redep\/index.php\/wp-json\/wp\/v2\/categories?post=313"},{"taxonomy":"post_tag","embeddable":true,"href":"http:\/\/www.nucleoestudo.ufla.br\/redep\/index.php\/wp-json\/wp\/v2\/tags?post=313"}],"curies":[{"name":"wp","href":"https:\/\/api.w.org\/{rel}","templated":true}]}}