{"id":310,"date":"2020-10-13T15:12:26","date_gmt":"2020-10-13T18:12:26","guid":{"rendered":"http:\/\/www.nucleoestudo.ufla.br\/redep\/?p=310"},"modified":"2020-10-13T15:12:26","modified_gmt":"2020-10-13T18:12:26","slug":"entrevista-reflexoes-sobre-a-formacao-de-professores-um-dialogo-com-marli-andre","status":"publish","type":"post","link":"http:\/\/www.nucleoestudo.ufla.br\/redep\/index.php\/2020\/10\/13\/entrevista-reflexoes-sobre-a-formacao-de-professores-um-dialogo-com-marli-andre\/","title":{"rendered":"Entrevista  &#8220;Reflex\u00f5es sobre a forma\u00e7\u00e3o de professores: um di\u00e1logo com Marli Andr\u00e9&#8221;"},"content":{"rendered":"\n<p class=\"has-drop-cap\"> Com o objetivo de reconhecer as contribui\u00e7\u00f5es propiciadas ao campo da forma\u00e7\u00e3o de professores, a pesquisadora Francine Martins convidou a professora e pesquisadora Dra. Marli Eliza Dalmazo Afonso de Andr\u00e9,  refer\u00eancia na \u00e1rea, para um di\u00e1logo que se concretiza na entrevista a seguir.<\/p>\n\n\n\n<p>Vale a pena conferir!<br>http:\/\/devireducacao.ded.ufla.br\/index.php\/DEVIR\/article\/view\/241\/107 <\/p>\n\n\n\n<p><\/p>\n\n\n\n<p><\/p>\n","protected":false},"excerpt":{"rendered":"<p>Com o objetivo de reconhecer as contribui\u00e7\u00f5es propiciadas ao campo da forma\u00e7\u00e3o de professores, a pesquisadora Francine Martins convidou a professora e pesquisadora Dra. Marli Eliza Dalmazo Afonso de Andr\u00e9,<\/p>\n","protected":false},"author":3,"featured_media":0,"comment_status":"closed","ping_status":"closed","sticky":false,"template":"","format":"standard","meta":{"_exactmetrics_skip_tracking":false,"_exactmetrics_sitenote_active":false,"_exactmetrics_sitenote_note":"","_exactmetrics_sitenote_category":0,"footnotes":""},"categories":[1],"tags":[],"class_list":["post-310","post","type-post","status-publish","format-standard","hentry","category-sem-categoria"],"_links":{"self":[{"href":"http:\/\/www.nucleoestudo.ufla.br\/redep\/index.php\/wp-json\/wp\/v2\/posts\/310","targetHints":{"allow":["GET"]}}],"collection":[{"href":"http:\/\/www.nucleoestudo.ufla.br\/redep\/index.php\/wp-json\/wp\/v2\/posts"}],"about":[{"href":"http:\/\/www.nucleoestudo.ufla.br\/redep\/index.php\/wp-json\/wp\/v2\/types\/post"}],"author":[{"embeddable":true,"href":"http:\/\/www.nucleoestudo.ufla.br\/redep\/index.php\/wp-json\/wp\/v2\/users\/3"}],"replies":[{"embeddable":true,"href":"http:\/\/www.nucleoestudo.ufla.br\/redep\/index.php\/wp-json\/wp\/v2\/comments?post=310"}],"version-history":[{"count":0,"href":"http:\/\/www.nucleoestudo.ufla.br\/redep\/index.php\/wp-json\/wp\/v2\/posts\/310\/revisions"}],"wp:attachment":[{"href":"http:\/\/www.nucleoestudo.ufla.br\/redep\/index.php\/wp-json\/wp\/v2\/media?parent=310"}],"wp:term":[{"taxonomy":"category","embeddable":true,"href":"http:\/\/www.nucleoestudo.ufla.br\/redep\/index.php\/wp-json\/wp\/v2\/categories?post=310"},{"taxonomy":"post_tag","embeddable":true,"href":"http:\/\/www.nucleoestudo.ufla.br\/redep\/index.php\/wp-json\/wp\/v2\/tags?post=310"}],"curies":[{"name":"wp","href":"https:\/\/api.w.org\/{rel}","templated":true}]}}