{"id":1,"date":"2019-08-06T18:54:56","date_gmt":"2019-08-06T21:54:56","guid":{"rendered":"http:\/\/www.nucleoestudo.ufla.br\/redep\/?p=1"},"modified":"2019-08-30T22:42:02","modified_gmt":"2019-08-31T01:42:02","slug":"ola-mundo","status":"publish","type":"post","link":"http:\/\/www.nucleoestudo.ufla.br\/redep\/index.php\/2019\/08\/06\/ola-mundo\/","title":{"rendered":"Entrevista com Marli Andr\u00e9 &#8220;A equipe gestora deve acolher e ajudar o professor iniciante&#8221;"},"content":{"rendered":"\n<div class=\"wp-block-media-text alignfull\"><figure class=\"wp-block-media-text__media\"><img loading=\"lazy\" decoding=\"async\" width=\"620\" height=\"300\" src=\"http:\/\/www.nucleoestudo.ufla.br\/redep\/wp-content\/uploads\/2019\/08\/ne-266-nova-escola-fala-mestre-marli-andre-professor-iniciante-1.jpeg\" alt=\"\" class=\"wp-image-126\" srcset=\"http:\/\/www.nucleoestudo.ufla.br\/redep\/wp-content\/uploads\/2019\/08\/ne-266-nova-escola-fala-mestre-marli-andre-professor-iniciante-1.jpeg 620w, http:\/\/www.nucleoestudo.ufla.br\/redep\/wp-content\/uploads\/2019\/08\/ne-266-nova-escola-fala-mestre-marli-andre-professor-iniciante-1-300x145.jpeg 300w\" sizes=\"auto, (max-width: 620px) 100vw, 620px\" \/><\/figure><div class=\"wp-block-media-text__content\">\n<p class=\"has-background has-luminous-vivid-amber-background-color\"><strong>O que define um professor iniciante?<\/strong><br>N\u00e3o h\u00e1 consenso sobre isso. Muitos autores se baseiam no tempo de doc\u00eancia e defendem que os tr\u00eas primeiros anos s\u00e3o considerados os mais dif\u00edceis para quem est\u00e1 come\u00e7ando. Segundo eles, essa \u00e9 a raz\u00e3o de existir um est\u00e1gio probat\u00f3rio, descrito na literatura como os &#8220;anos de sobreviv\u00eancia&#8221;, per\u00edodo em que o jovem tenta permanecer na profiss\u00e3o.  Acesse na \u00edntegra <a href=\"https:\/\/novaescola.org.br\/conteudo\/888\/entrevista-com-marli-andre\">clicando aqui.<\/a><\/p>\n<\/div><\/div>\n","protected":false},"excerpt":{"rendered":"<p>O que define um professor iniciante?N\u00e3o h\u00e1 consenso sobre isso. Muitos autores se baseiam no tempo de doc\u00eancia e defendem que os tr\u00eas primeiros anos s\u00e3o considerados os mais dif\u00edceis<\/p>\n","protected":false},"author":3,"featured_media":0,"comment_status":"open","ping_status":"open","sticky":false,"template":"","format":"standard","meta":{"_exactmetrics_skip_tracking":false,"_exactmetrics_sitenote_active":false,"_exactmetrics_sitenote_note":"","_exactmetrics_sitenote_category":0,"footnotes":""},"categories":[1],"tags":[],"class_list":["post-1","post","type-post","status-publish","format-standard","hentry","category-sem-categoria"],"_links":{"self":[{"href":"http:\/\/www.nucleoestudo.ufla.br\/redep\/index.php\/wp-json\/wp\/v2\/posts\/1","targetHints":{"allow":["GET"]}}],"collection":[{"href":"http:\/\/www.nucleoestudo.ufla.br\/redep\/index.php\/wp-json\/wp\/v2\/posts"}],"about":[{"href":"http:\/\/www.nucleoestudo.ufla.br\/redep\/index.php\/wp-json\/wp\/v2\/types\/post"}],"author":[{"embeddable":true,"href":"http:\/\/www.nucleoestudo.ufla.br\/redep\/index.php\/wp-json\/wp\/v2\/users\/3"}],"replies":[{"embeddable":true,"href":"http:\/\/www.nucleoestudo.ufla.br\/redep\/index.php\/wp-json\/wp\/v2\/comments?post=1"}],"version-history":[{"count":7,"href":"http:\/\/www.nucleoestudo.ufla.br\/redep\/index.php\/wp-json\/wp\/v2\/posts\/1\/revisions"}],"predecessor-version":[{"id":129,"href":"http:\/\/www.nucleoestudo.ufla.br\/redep\/index.php\/wp-json\/wp\/v2\/posts\/1\/revisions\/129"}],"wp:attachment":[{"href":"http:\/\/www.nucleoestudo.ufla.br\/redep\/index.php\/wp-json\/wp\/v2\/media?parent=1"}],"wp:term":[{"taxonomy":"category","embeddable":true,"href":"http:\/\/www.nucleoestudo.ufla.br\/redep\/index.php\/wp-json\/wp\/v2\/categories?post=1"},{"taxonomy":"post_tag","embeddable":true,"href":"http:\/\/www.nucleoestudo.ufla.br\/redep\/index.php\/wp-json\/wp\/v2\/tags?post=1"}],"curies":[{"name":"wp","href":"https:\/\/api.w.org\/{rel}","templated":true}]}}