{"id":1550,"date":"2022-04-20T12:01:11","date_gmt":"2022-04-20T15:01:11","guid":{"rendered":"http:\/\/www.nucleoestudo.ufla.br\/niesp\/?p=1550"},"modified":"2022-04-20T12:03:20","modified_gmt":"2022-04-20T15:03:20","slug":"iii-boletim-acoes-empreendedoras-no-setor-publico-o-desenvolvimento-de-uma-escala","status":"publish","type":"post","link":"http:\/\/www.nucleoestudo.ufla.br\/niesp\/index.php\/2022\/04\/20\/iii-boletim-acoes-empreendedoras-no-setor-publico-o-desenvolvimento-de-uma-escala\/","title":{"rendered":"III Boletim &#8211; A\u00c7\u00d5ES EMPREENDEDORAS NO SETOR P\u00daBLICO: o desenvolvimento de uma escala"},"content":{"rendered":"<p style=\"text-align: justify;\"><span style=\"font-weight: 400;\">Mais de dois s\u00e9culos separam os cervejeiros mencionados por Adam Smith (1976), em sua obra cl\u00e1ssica, dos empreendedores de hoje. Os primeiros viviam em um ambiente socioecon\u00f4mico caracterizado por uma relativa estabilidade. Eram detentores de of\u00edcios cujas tradi\u00e7\u00f5es passavam de gera\u00e7\u00e3o para gera\u00e7\u00e3o. Os empreendedores atuais, por sua vez, situam-se em um mundo completamente diferente, caracterizado por r\u00e1pidas transforma\u00e7\u00f5es e grande competi\u00e7\u00e3o e s\u00e3o vistos como personagens multifacetados. O conceito de empreendedor \u00e9, atualmente, utilizado para designar diferentes facetas de um personagem (Gartner, 1988), tais como algu\u00e9m dotado de capacidade de inova\u00e7\u00e3o; de esp\u00edrito de iniciativa; que assume riscos em um neg\u00f3cio; que decide sobre o uso e a coordena\u00e7\u00e3o de recursos escassos, etc (VALE, 2014).<\/span><\/p>\n<p style=\"text-align: justify;\"><span style=\"font-weight: 400;\">A\u00e7\u00e3o empreendedora \u00e9 o ato de transformar a realidade existente em novos mercados, realizando trocas aventureiras, criativas ou inovadoras entre o empreendedor e seu ecossistema de inova\u00e7\u00e3o ao longo do tempo (MANI\u00c7OBA, 2019).A a\u00e7\u00e3o empreendedora no setor p\u00fablico depreende-se do impulso do intraempreendedor, empreendedor corporativo ou empreendedor institucional no esfor\u00e7o de agir com conseq\u00fc\u00eancias pol\u00edticas, econ\u00f4micas e culturais. Boava e Macedo (2009) consideram essas a\u00e7\u00f5es como promotoras de hiatos no sentido do que \u00e9 seguro e est\u00e1vel e, para o caso do setor p\u00fablico, o pr\u00f3prio ambiente das institui\u00e7\u00f5es p\u00fablicas \u00e9 palco de estabilidade e seguran\u00e7a. Os autores coadunam-se com Lecca e Naccache (2006) ao afirmarem que tais modifica\u00e7\u00f5es praticamente n\u00e3o se alcan\u00e7am por meio de iniciativas individuais, mas em um esfor\u00e7o conjunto cuja mobiliza\u00e7\u00e3o venha desencadear alian\u00e7as e mecanismos de coopera\u00e7\u00e3o para a transforma\u00e7\u00e3o. (SOUSA, 2010)<\/span><\/p>\n<p style=\"text-align: justify;\"><span style=\"font-weight: 400;\">Assim sendo, os aspectos positivos econ\u00f4micos e sociais gerados pelos empreendimentos no setor p\u00fablico acarretam em satisfa\u00e7\u00e3o por parte dos empreendedores e proporcionam valores individuais, sociais e organizacionais importantes para sociedade como um todo. As novidades e cria\u00e7\u00f5es voltadas para o atendimento do bem-estar social faz-se necess\u00e1ria, isto \u00e9, a incorpora\u00e7\u00e3o do empreendedorismo na gest\u00e3o p\u00fablica infere que cabe aos governos reverem seus pap\u00e9is no que envolve o compromisso da garantia de servi\u00e7os p\u00fablicos eficientes e efetivos. Temos como exemplo de A\u00e7\u00e3o Empreendedora no Setor P\u00fablico, O Programa de Cr\u00e9dito Solid\u00e1rio (PCS) desenvolvido em um munic\u00edpio no Sul de Minas Gerais.\u00a0<\/span><\/p>\n<p style=\"text-align: justify;\"><span style=\"font-weight: 400;\">O estudo \u201cA\u00e7\u00f5es Empreendedoras na Gest\u00e3o P\u00fablica: an\u00e1lise do programa de cr\u00e9dito solid\u00e1rio (PCS) em um munic\u00edpio do Sul em Minas Gerais\u201d, de Silva, Andrade e Valadares (2016, p.64), evidencia que:<\/span><\/p>\n<p style=\"text-align: justify;\"><span style=\"font-weight: 400;\">O programa pode ser considerado tanto uma pol\u00edtica afirmativa quanto uma pol\u00edtica emancipat\u00f3ria, por conceder aos empreendedores que estavam afastados do mercado de trabalho a chance de abrirem seus pr\u00f3prios neg\u00f3cios e a inser\u00e7\u00e3o ativa desses indiv\u00edduos na economia. \u00c9 tamb\u00e9m uma a\u00e7\u00e3o empreendedora por se tratar de um programa novo que possui resultados constatados, o que pode ser observado por meio da abertura de novos empreendimentos e do funcionamento da feira dos membros da ALAC. O cr\u00e9dito tamb\u00e9m foi analisado atrav\u00e9s do n\u00edvel de emancipa\u00e7\u00e3o que foi gerado na vida de seus benefici\u00e1rios. Desta forma, pode-se verificar que nos n\u00edveis econ\u00f4mico, social e pol\u00edtico, o programa trouxe para os seus benefici\u00e1rios aspectos predominantemente positivos. Para muitos membros da ALAC, o cr\u00e9dito proporcionou uma melhoria na qualidade de suas vidas, pois com o dinheiro foi poss\u00edvel investir em seus trabalhos que s\u00e3o vendidos na feira e a maior parte destas pessoas tem esse servi\u00e7o como \u00fanica fonte de renda.\u00a0<\/span><\/p>\n<p style=\"text-align: justify;\"><span style=\"font-weight: 400;\">Nota-se uma crescente tend\u00eancia de pesquisas no campo de p\u00fablicas, visando compreender o papel da a\u00e7\u00e3o empreendedora no contexto das organiza\u00e7\u00f5es p\u00fablicas, visto que a mesma desenvolve um significativo trabalho no que tange ao desenvolvimento da coletividade da qualidade de vida, da inova\u00e7\u00e3o, gerando assim mudan\u00e7as sociais e econ\u00f4micas de um determinado grupo social. A a\u00e7\u00e3o empreendedora no setor p\u00fablico oferece a oportunidade de reexaminar o papel do governo no que diz respeito \u00e0 sua responsabilidade de garantir o acesso aos servi\u00e7os.\u00a0<\/span><\/p>\n<p style=\"text-align: justify;\"><b>Refer\u00eancias<\/b><\/p>\n<p style=\"text-align: justify;\"><span style=\"font-weight: 400;\">MANI\u00c7OBA, R. F. A\u00e7\u00e3o empreendedora: Evolu\u00e7\u00e3o, Lacunas e Tend\u00eancias. In: <\/span><b>SEMIN\u00c1RIOS DE ADMINISTRA\u00c7\u00c3O,<\/b><span style=\"font-weight: 400;\"> novembro., 2019. Dispon\u00edvel em: &lt;https:\/\/login.semead.com.br\/22semead\/anais\/arquivos\/2528.pdf&gt;. Acesso em: 13 abr. 22<\/span><\/p>\n<p style=\"text-align: justify;\"><span style=\"font-weight: 400;\">SOUSA, J. L. et al. O Empreendedorismo no Setor P\u00fablico: A A\u00e7\u00e3o Empreendedora da Funda\u00e7\u00e3o Joaquim Nabuco. In: <\/span><b>ENCONTRO DE ADMINISTRA\u00c7\u00c3O P\u00daBLICA E GOVERNAN\u00c7A,<\/b><span style=\"font-weight: 400;\"> 30., 2010,Vit\u00f3ria\/ES. Dispon\u00edvel em : &lt;http:\/\/www.anpad.org.br\/admin\/pdf\/enapg415.pdf&gt;. Acesso em: 13 abr. 22.<\/span><\/p>\n<p style=\"text-align: justify;\"><span style=\"font-weight: 400;\">VALE, G. M. V. Empreendedor: Origens, Concep\u00e7\u00f5es Te\u00f3ricas, Dispers\u00e3o e Integra\u00e7\u00e3o. <\/span><b>Revista de Administra\u00e7\u00e3o Contempor\u00e2nea,<\/b><span style=\"font-weight: 400;\"> 2014. Dispon\u00edvel em: &lt;https:\/\/doi.org\/10.1590\/1982-7849rac20141244&gt;. Acesso em: 13 abr. 22.<\/span><\/p>\n","protected":false},"excerpt":{"rendered":"<p>Mais de dois s\u00e9culos separam os cervejeiros mencionados por Adam Smith (1976), em sua obra cl\u00e1ssica, dos empreendedores de hoje. Os primeiros viviam em um ambiente socioecon\u00f4mico caracterizado por uma relativa estabilidade. Eram detentores de of\u00edcios cujas tradi\u00e7\u00f5es passavam de gera\u00e7\u00e3o para gera\u00e7\u00e3o. Os empreendedores atuais, por sua vez, situam-se em um mundo completamente diferente, &hellip; <a href=\"http:\/\/www.nucleoestudo.ufla.br\/niesp\/index.php\/2022\/04\/20\/iii-boletim-acoes-empreendedoras-no-setor-publico-o-desenvolvimento-de-uma-escala\/\" class=\"more-link\">Continue lendo<span class=\"screen-reader-text\"> &#8220;III Boletim &#8211; A\u00c7\u00d5ES EMPREENDEDORAS NO SETOR P\u00daBLICO: o desenvolvimento de uma escala&#8221;<\/span><\/a><\/p>\n","protected":false},"author":10,"featured_media":0,"comment_status":"open","ping_status":"open","sticky":false,"template":"","format":"standard","meta":{"footnotes":""},"categories":[6],"tags":[],"class_list":["post-1550","post","type-post","status-publish","format-standard","hentry","category-boletins"],"_links":{"self":[{"href":"http:\/\/www.nucleoestudo.ufla.br\/niesp\/index.php\/wp-json\/wp\/v2\/posts\/1550","targetHints":{"allow":["GET"]}}],"collection":[{"href":"http:\/\/www.nucleoestudo.ufla.br\/niesp\/index.php\/wp-json\/wp\/v2\/posts"}],"about":[{"href":"http:\/\/www.nucleoestudo.ufla.br\/niesp\/index.php\/wp-json\/wp\/v2\/types\/post"}],"author":[{"embeddable":true,"href":"http:\/\/www.nucleoestudo.ufla.br\/niesp\/index.php\/wp-json\/wp\/v2\/users\/10"}],"replies":[{"embeddable":true,"href":"http:\/\/www.nucleoestudo.ufla.br\/niesp\/index.php\/wp-json\/wp\/v2\/comments?post=1550"}],"version-history":[{"count":3,"href":"http:\/\/www.nucleoestudo.ufla.br\/niesp\/index.php\/wp-json\/wp\/v2\/posts\/1550\/revisions"}],"predecessor-version":[{"id":1553,"href":"http:\/\/www.nucleoestudo.ufla.br\/niesp\/index.php\/wp-json\/wp\/v2\/posts\/1550\/revisions\/1553"}],"wp:attachment":[{"href":"http:\/\/www.nucleoestudo.ufla.br\/niesp\/index.php\/wp-json\/wp\/v2\/media?parent=1550"}],"wp:term":[{"taxonomy":"category","embeddable":true,"href":"http:\/\/www.nucleoestudo.ufla.br\/niesp\/index.php\/wp-json\/wp\/v2\/categories?post=1550"},{"taxonomy":"post_tag","embeddable":true,"href":"http:\/\/www.nucleoestudo.ufla.br\/niesp\/index.php\/wp-json\/wp\/v2\/tags?post=1550"}],"curies":[{"name":"wp","href":"https:\/\/api.w.org\/{rel}","templated":true}]}}