{"id":551,"date":"2013-11-23T17:16:37","date_gmt":"2013-11-23T19:16:37","guid":{"rendered":"http:\/\/www.nucleoestudo.ufla.br\/nefrut\/?p=551"},"modified":"2013-11-23T17:16:37","modified_gmt":"2013-11-23T19:16:37","slug":"iv-dia-de-campo-de-fruticultura-pequenos-frutos","status":"publish","type":"post","link":"http:\/\/www.nucleoestudo.ufla.br\/nefrut\/iv-dia-de-campo-de-fruticultura-pequenos-frutos\/","title":{"rendered":"IV Dia de Campo de Fruticultura &#8211; (Pequenos Frutos)"},"content":{"rendered":"<p><img loading=\"lazy\" class=\"alignleft\" alt=\"\" src=\"https:\/\/fbcdn-sphotos-b-a.akamaihd.net\/hphotos-ak-prn2\/1375216_548869848515597_1796387773_n.jpg\" width=\"476\" height=\"672\" \/><\/p>\n<p>O Dia de Campo de Fruticultura promovido pela UFLA, cuja organiza\u00e7\u00e3o se d\u00e1 pelo Prof. Dr. Rafael Pio com apoio do NEFRUT e graduandos da \u00e1rea, al\u00e9m de apoio em divulga\u00e7\u00e3o do PET Agronomia, chega a 4\u00aa Edi\u00e7\u00e3o.<\/p>\n<p>O Evento ocorreu na data de (22\/10\/2013) e trouxe como tem\u00e1tica a produ\u00e7\u00e3o de pequenos frutos, o evento conta com parte te\u00f3rica (palestra) e parte pr\u00e1tica (visita ao setor de fruticultura da UFLA).<\/p>\n<p>Contou-se com a presen\u00e7a de estudantes, professores, t\u00e9cnicos, agricultores e demais interessados no tema.<\/p>\n<p>Os participantes contaram com informa\u00e7\u00f5es e peculiaridades desse \u00e1rea da fruticultura, que vem crescendo como grande gerador de renda.<\/p>\n","protected":false},"excerpt":{"rendered":"<p>O Dia de Campo de Fruticultura promovido pela UFLA, cuja organiza\u00e7\u00e3o se d\u00e1 pelo Prof. Dr. Rafael Pio com apoio do NEFRUT e graduandos da \u00e1rea, al\u00e9m de apoio em divulga\u00e7\u00e3o do PET Agronomia, chega a 4\u00aa Edi\u00e7\u00e3o. O Evento ocorreu na data de (22\/10\/2013) e trouxe como tem\u00e1tica a produ\u00e7\u00e3o de pequenos frutos, o &hellip; <\/p>\n<p class=\"link-more\"><a href=\"http:\/\/www.nucleoestudo.ufla.br\/nefrut\/iv-dia-de-campo-de-fruticultura-pequenos-frutos\/\" class=\"more-link\">Continue lendo<span class=\"screen-reader-text\"> &#8220;IV Dia de Campo de Fruticultura &#8211; (Pequenos Frutos)&#8221;<\/span><\/a><\/p>\n","protected":false},"author":9,"featured_media":0,"comment_status":"open","ping_status":"open","sticky":false,"template":"","format":"standard","meta":[],"categories":[1],"tags":[],"_links":{"self":[{"href":"http:\/\/www.nucleoestudo.ufla.br\/nefrut\/wp-json\/wp\/v2\/posts\/551"}],"collection":[{"href":"http:\/\/www.nucleoestudo.ufla.br\/nefrut\/wp-json\/wp\/v2\/posts"}],"about":[{"href":"http:\/\/www.nucleoestudo.ufla.br\/nefrut\/wp-json\/wp\/v2\/types\/post"}],"author":[{"embeddable":true,"href":"http:\/\/www.nucleoestudo.ufla.br\/nefrut\/wp-json\/wp\/v2\/users\/9"}],"replies":[{"embeddable":true,"href":"http:\/\/www.nucleoestudo.ufla.br\/nefrut\/wp-json\/wp\/v2\/comments?post=551"}],"version-history":[{"count":2,"href":"http:\/\/www.nucleoestudo.ufla.br\/nefrut\/wp-json\/wp\/v2\/posts\/551\/revisions"}],"predecessor-version":[{"id":553,"href":"http:\/\/www.nucleoestudo.ufla.br\/nefrut\/wp-json\/wp\/v2\/posts\/551\/revisions\/553"}],"wp:attachment":[{"href":"http:\/\/www.nucleoestudo.ufla.br\/nefrut\/wp-json\/wp\/v2\/media?parent=551"}],"wp:term":[{"taxonomy":"category","embeddable":true,"href":"http:\/\/www.nucleoestudo.ufla.br\/nefrut\/wp-json\/wp\/v2\/categories?post=551"},{"taxonomy":"post_tag","embeddable":true,"href":"http:\/\/www.nucleoestudo.ufla.br\/nefrut\/wp-json\/wp\/v2\/tags?post=551"}],"curies":[{"name":"wp","href":"https:\/\/api.w.org\/{rel}","templated":true}]}}