{"id":494,"date":"2013-10-09T12:19:42","date_gmt":"2013-10-09T15:19:42","guid":{"rendered":"http:\/\/www.nucleoestudo.ufla.br\/nefrut\/?p=494"},"modified":"2013-10-09T12:20:23","modified_gmt":"2013-10-09T15:20:23","slug":"iii-dia-de-campo-de-fruticultura-ufla-mg","status":"publish","type":"post","link":"http:\/\/www.nucleoestudo.ufla.br\/nefrut\/iii-dia-de-campo-de-fruticultura-ufla-mg\/","title":{"rendered":"III Dia de Campo de Fruticultura &#8211; UFLA-MG"},"content":{"rendered":"<p><img loading=\"lazy\" class=\"alignleft\" alt=\"\" src=\"https:\/\/fbcdn-sphotos-g-a.akamaihd.net\/hphotos-ak-ash3\/944239_485982328137683_610991920_n.jpg\" width=\"381\" height=\"538\" \/><\/p>\n<p>Organizamos juntamente com o Prof. Dr. Rafael Pio, respons\u00e1vel pelo evento, na\u00a0Universidade Federal de Lavras &#8211; MG, o III Dia de Campo de Fruticultura que contou com participa\u00e7\u00e3o dos professores do setor na universidade, alunos de gradua\u00e7\u00e3o, p\u00f3s gradua\u00e7\u00e3o e doutorado.<\/p>\n<p>O evento foi marcado pela presen\u00e7a de produtores rurais da regi\u00e3o, que muito contribui para o objetivo do evento.Eles puderam ver por meio das esta\u00e7\u00f5es pr\u00e1ticas no pomar da UFLA atitudes com rela\u00e7\u00e3o \u00e0 pr\u00e1tica da poda de inverno nas fruteiras de clima temperado que se pode observar no cartaz ao lado.<\/p>\n<p>Membros do N\u00facleo de Estudos em Fruticultura (NEFRUT) se fizeram presentes tanto na organiza\u00e7\u00e3o, como na participa\u00e7\u00e3o efetiva (P\u00f3s Graduandos e Doutorandos).<\/p>\n<p>Al\u00e9m dos Patrocinadores, o evento tamb\u00e9m teve apoio organizacional do Programa de Educa\u00e7\u00e3o Tutorial (PET-Agronomia).<\/p>\n<p>&nbsp;<\/p>\n<p>Confira a reportagem da TV Universit\u00e1ria:<\/p>\n<p><a href=\"http:\/\/www.youtube.com\/watch?v=QjrUdnG35Ws\">http:\/\/www.youtube.com\/watch?v=QjrUdnG35Ws<\/a><\/p>\n<p>&nbsp;<\/p>\n<p>&nbsp;<\/p>\n<div>\n<dl id=\"\">\n<dt><img loading=\"lazy\" alt=\"\" src=\"http:\/\/i278.photobucket.com\/albums\/kk109\/ronnie2008_01\/NEFRUT\/13062013669_zpsc66506cb.jpg\" width=\"368\" height=\"277\" \/><\/dt>\n<dd>Poda de Pessegueiro, Prof.Dr. Rafael Pio<\/dd>\n<\/dl>\n<\/div>\n<p>&nbsp;<\/p>\n<div>\n<dl id=\"\">\n<dt><img loading=\"lazy\" alt=\"\" src=\"http:\/\/i278.photobucket.com\/albums\/kk109\/ronnie2008_01\/NEFRUT\/13062013670_zps8f745bfc.jpg\" width=\"368\" height=\"277\" \/><\/dt>\n<dd>Amora Preta e Framboesa<\/dd>\n<\/dl>\n<\/div>\n<p>&nbsp;<\/p>\n<div>\n<dl id=\"\">\n<dt><img loading=\"lazy\" alt=\"\" src=\"http:\/\/i278.photobucket.com\/albums\/kk109\/ronnie2008_01\/NEFRUT\/13062013664_zpsb37db392.jpg\" width=\"368\" height=\"277\" \/><\/dt>\n<dd>Poda da macieira, Filipe Bittencourt Machado de Souza (Doutorando, Membro NEFRUT)<\/dd>\n<\/dl>\n<\/div>\n<p>&nbsp;<\/p>\n<div>\n<dl id=\"\">\n<dt><img loading=\"lazy\" alt=\"\" src=\"http:\/\/i278.photobucket.com\/albums\/kk109\/ronnie2008_01\/NEFRUT\/13062013661_zpsc5f425fc.jpg\" width=\"368\" height=\"277\" \/><\/dt>\n<dd>Poda da Videira, Prof.Ant\u00f4nio Decarlos Neto.<\/dd>\n<\/dl>\n<\/div>\n<p>&nbsp;<\/p>\n<p>&nbsp;<\/p>\n<p>&nbsp;<\/p>\n<p>&nbsp;<\/p>\n<div>\n<dl id=\"\">\n<dt><img loading=\"lazy\" alt=\"\" src=\"http:\/\/i278.photobucket.com\/albums\/kk109\/ronnie2008_01\/NEFRUT\/13062013673_zpscd1825ec.jpg\" width=\"368\" height=\"277\" \/><\/dt>\n<dd>Discentes na esta\u00e7\u00e3o Framboesa e Amora Preta.<\/p>\n<div>\n<dl>\n<dt><img loading=\"lazy\" alt=\"\" src=\"http:\/\/i278.photobucket.com\/albums\/kk109\/ronnie2008_01\/NEFRUT\/13062013651_zpsaaf13679.jpg\" width=\"368\" height=\"277\" \/><\/dt>\n<dd>Poda da Figueira, Paulo Norberto (Pesquisador EPAMIG) e Pedro Maranha Peche (Doutorando, Coordenador Nefrut)<\/p>\n<div>\n<dl>\n<dt><img loading=\"lazy\" alt=\"\" src=\"http:\/\/i278.photobucket.com\/albums\/kk109\/ronnie2008_01\/NEFRUT\/13062013652_zpsc50c1fb6.jpg\" width=\"368\" height=\"277\" \/><\/dt>\n<dd>Figueira podada<\/dd>\n<\/dl>\n<\/div>\n<\/dd>\n<\/dl>\n<\/div>\n<\/dd>\n<\/dl>\n<\/div>\n<p>&nbsp;<\/p>\n<p>&nbsp;<\/p>\n","protected":false},"excerpt":{"rendered":"<p>Organizamos juntamente com o Prof. Dr. Rafael Pio, respons\u00e1vel pelo evento, na\u00a0Universidade Federal de Lavras &#8211; MG, o III Dia de Campo de Fruticultura que contou com participa\u00e7\u00e3o dos professores do setor na universidade, alunos de gradua\u00e7\u00e3o, p\u00f3s gradua\u00e7\u00e3o e doutorado. O evento foi marcado pela presen\u00e7a de produtores rurais da regi\u00e3o, que muito contribui &hellip; <\/p>\n<p class=\"link-more\"><a href=\"http:\/\/www.nucleoestudo.ufla.br\/nefrut\/iii-dia-de-campo-de-fruticultura-ufla-mg\/\" class=\"more-link\">Continue lendo<span class=\"screen-reader-text\"> &#8220;III Dia de Campo de Fruticultura &#8211; UFLA-MG&#8221;<\/span><\/a><\/p>\n","protected":false},"author":9,"featured_media":0,"comment_status":"open","ping_status":"open","sticky":false,"template":"","format":"standard","meta":[],"categories":[1],"tags":[],"_links":{"self":[{"href":"http:\/\/www.nucleoestudo.ufla.br\/nefrut\/wp-json\/wp\/v2\/posts\/494"}],"collection":[{"href":"http:\/\/www.nucleoestudo.ufla.br\/nefrut\/wp-json\/wp\/v2\/posts"}],"about":[{"href":"http:\/\/www.nucleoestudo.ufla.br\/nefrut\/wp-json\/wp\/v2\/types\/post"}],"author":[{"embeddable":true,"href":"http:\/\/www.nucleoestudo.ufla.br\/nefrut\/wp-json\/wp\/v2\/users\/9"}],"replies":[{"embeddable":true,"href":"http:\/\/www.nucleoestudo.ufla.br\/nefrut\/wp-json\/wp\/v2\/comments?post=494"}],"version-history":[{"count":2,"href":"http:\/\/www.nucleoestudo.ufla.br\/nefrut\/wp-json\/wp\/v2\/posts\/494\/revisions"}],"predecessor-version":[{"id":496,"href":"http:\/\/www.nucleoestudo.ufla.br\/nefrut\/wp-json\/wp\/v2\/posts\/494\/revisions\/496"}],"wp:attachment":[{"href":"http:\/\/www.nucleoestudo.ufla.br\/nefrut\/wp-json\/wp\/v2\/media?parent=494"}],"wp:term":[{"taxonomy":"category","embeddable":true,"href":"http:\/\/www.nucleoestudo.ufla.br\/nefrut\/wp-json\/wp\/v2\/categories?post=494"},{"taxonomy":"post_tag","embeddable":true,"href":"http:\/\/www.nucleoestudo.ufla.br\/nefrut\/wp-json\/wp\/v2\/tags?post=494"}],"curies":[{"name":"wp","href":"https:\/\/api.w.org\/{rel}","templated":true}]}}