{"id":405,"date":"2013-08-05T14:41:04","date_gmt":"2013-08-05T17:41:04","guid":{"rendered":"http:\/\/www.nucleoestudo.ufla.br\/nefrut\/?p=405"},"modified":"2013-10-04T15:50:12","modified_gmt":"2013-10-04T18:50:12","slug":"novo-post","status":"publish","type":"post","link":"http:\/\/www.nucleoestudo.ufla.br\/nefrut\/novo-post\/","title":{"rendered":"XXII Congresso Brasileiro de Fruticultura"},"content":{"rendered":"<h2>XXII Congresso Brasileiro de Fruticultura<\/h2>\n<p><img title=\"Mais...\" alt=\"\" src=\"http:\/\/www.nucleoestudo.ufla.br\/nefrut\/wp-includes\/js\/tinymce\/plugins\/wordpress\/img\/trans.gif\" \/><\/p>\n<p>O Congresso Brasileiro de Fruticultura \u2013 CBF \u00e9 o principal f\u00f3rum nacional de interc\u00e2mbio t\u00e9cnico-cient\u00edfico da frutic\u00a0Acesse:\u00a0<a href=\"http:\/\/www.congressofruticultura2012.com.br\/\">http:\/\/www.congressofruticultura2012.com.br\/<\/a>\u00a0Desde sua primeira edi\u00e7\u00e3o, em 1971, ele conta com a participa\u00e7\u00e3o de institui\u00e7\u00f5es de ensino, pesquisa e extens\u00e3o, \u00f3rg\u00e3os governamentais, produtores, empres\u00e1rios, fabricantes e comerciantes de m\u00e1quinas, implementos e insumos agr\u00edcolas e demais atores relacionados a essa cadeia produtiva.\u00a0Participe!<\/p>\n<p><a href=\"http:\/\/www.congressofruticultura2012.com.br\/\"><img loading=\"lazy\" title=\"congresso\" alt=\"\" src=\"http:\/\/cdn.ruralcentro.net\/1\/2011\/12\/16\/congresso-fruticultura.jpg\" width=\"320\" height=\"194\" \/><\/a><\/p>\n","protected":false},"excerpt":{"rendered":"<p>XXII Congresso Brasileiro de Fruticultura O Congresso Brasileiro de Fruticultura \u2013 CBF \u00e9 o principal f\u00f3rum nacional de interc\u00e2mbio t\u00e9cnico-cient\u00edfico da frutic\u00a0Acesse:\u00a0http:\/\/www.congressofruticultura2012.com.br\/\u00a0Desde sua primeira edi\u00e7\u00e3o, em 1971, ele conta com a participa\u00e7\u00e3o de institui\u00e7\u00f5es de ensino, pesquisa e extens\u00e3o, \u00f3rg\u00e3os governamentais, produtores, empres\u00e1rios, fabricantes e comerciantes de m\u00e1quinas, implementos e insumos agr\u00edcolas e demais atores &hellip; <\/p>\n<p class=\"link-more\"><a href=\"http:\/\/www.nucleoestudo.ufla.br\/nefrut\/novo-post\/\" class=\"more-link\">Continue lendo<span class=\"screen-reader-text\"> &#8220;XXII Congresso Brasileiro de Fruticultura&#8221;<\/span><\/a><\/p>\n","protected":false},"author":9,"featured_media":0,"comment_status":"open","ping_status":"open","sticky":false,"template":"","format":"standard","meta":[],"categories":[1],"tags":[],"_links":{"self":[{"href":"http:\/\/www.nucleoestudo.ufla.br\/nefrut\/wp-json\/wp\/v2\/posts\/405"}],"collection":[{"href":"http:\/\/www.nucleoestudo.ufla.br\/nefrut\/wp-json\/wp\/v2\/posts"}],"about":[{"href":"http:\/\/www.nucleoestudo.ufla.br\/nefrut\/wp-json\/wp\/v2\/types\/post"}],"author":[{"embeddable":true,"href":"http:\/\/www.nucleoestudo.ufla.br\/nefrut\/wp-json\/wp\/v2\/users\/9"}],"replies":[{"embeddable":true,"href":"http:\/\/www.nucleoestudo.ufla.br\/nefrut\/wp-json\/wp\/v2\/comments?post=405"}],"version-history":[{"count":4,"href":"http:\/\/www.nucleoestudo.ufla.br\/nefrut\/wp-json\/wp\/v2\/posts\/405\/revisions"}],"predecessor-version":[{"id":483,"href":"http:\/\/www.nucleoestudo.ufla.br\/nefrut\/wp-json\/wp\/v2\/posts\/405\/revisions\/483"}],"wp:attachment":[{"href":"http:\/\/www.nucleoestudo.ufla.br\/nefrut\/wp-json\/wp\/v2\/media?parent=405"}],"wp:term":[{"taxonomy":"category","embeddable":true,"href":"http:\/\/www.nucleoestudo.ufla.br\/nefrut\/wp-json\/wp\/v2\/categories?post=405"},{"taxonomy":"post_tag","embeddable":true,"href":"http:\/\/www.nucleoestudo.ufla.br\/nefrut\/wp-json\/wp\/v2\/tags?post=405"}],"curies":[{"name":"wp","href":"https:\/\/api.w.org\/{rel}","templated":true}]}}